{"id":4827,"date":"2022-08-21T20:13:34","date_gmt":"2022-08-21T18:13:34","guid":{"rendered":"https:\/\/api-mobility.com\/?p=4827"},"modified":"2022-08-30T13:26:52","modified_gmt":"2022-08-30T11:26:52","slug":"api-auf-rehacare-2022","status":"publish","type":"post","link":"https:\/\/api-mobility.com\/de\/aktuelles\/api-auf-rehacare-2022\/","title":{"rendered":"API stellt aus auf der REHACARE 2022"},"content":{"rendered":"\n<p>Vom 14. \u2013 17. September 2022 findet in D\u00fcsseldorf die REHACARE statt. API Deutschland ist nat\u00fcrlich mit einem eigenen Stand auf der weltweit gr\u00f6\u00dften Fachmesse f\u00fcr Rehabilitation und Pflege vertreten. Interessierte Fachbesucher und potenzielle Partner finden uns in <a href=\"https:\/\/www.rehacare.de\/de\/Interaktiver_Hallenplan?action=showExhibitor&amp;actionItem=2717972&amp;_event=rehacare2022\">Halle 6 am Stand B64<\/a>.<\/p>\n\n\n\n<h3 class=\"wp-block-heading\">E-Mobilit\u00e4t im Fokus &nbsp;<\/h3>\n\n\n\n<p>Wie schon auf der <a href=\"https:\/\/api-mobility.com\/de\/aktuelles\/rettmobil-war-voller-erfolg\/\" target=\"_blank\" rel=\"noreferrer noopener\">RETTmobil<\/a> im Mai dieses Jahres werden auch bei der REHACARE die Angebote rund um das Thema E-Mobilit\u00e4t im Zentrum der Aufmerksamkeit stehen. Dazu passend werden auf dem API-Stand gleich zwei interessante Fahrzeuge und dazu passenden Umr\u00fcstungen f\u00fcr gehandicapte Menschen vorgestellt.<\/p>\n\n\n\n<p>Zum Einen k\u00f6nnen sich die Besucher auf den e-Rifter freuen, den Elektro-Van von Peugeot. F\u00fcr diesen Fahrzeugtyp hat API ein extra Kit der <a href=\"https:\/\/www.flexiramp.com\/citroen-berlingo-peugeot-rifter-opel-combo-2\" target=\"_blank\" rel=\"noreferrer noopener\">FlexiRamp<\/a> entwickelt. Der Clou an diesem brandneuen Angebot: Beim Umbau werden keinerlei \u00c4nderungen am Batterie-Pack vorgenommen. \u00a0<\/p>\n\n\n\n<h3 class=\"wp-block-heading\">FlexiRamp f\u00fcr e-Rifter und Caddy 5<\/h3>\n\n\n\n<p>Au\u00dferdem pr\u00e4sentieren wir gemeinsam mit unserem schwedischen Partner <a href=\"https:\/\/bilanpassning.com\/\" target=\"_blank\" rel=\"noreferrer noopener\">Bilanpassning <\/a>entwickelte Active FlexiRamp f\u00fcr die kurze Version des Caddy 5 von Volkswagen. Wer wissen will, welche Herausforderungen es in der Entwicklungsphase zu \u00fcberwinden gab, kann das aus allererster Hand auf dem API-Stand erfahren, vom Bilanpassning-Gesch\u00e4ftsf\u00fchrer Bj\u00f6rn Kayser und API-Chef Stephan Schwartz. \u00a0<\/p>\n\n\n\n<p>Bei dieser FlexiRamp wurde der Bodenwannen-Ausschnitt im Fahrzeug bis nach vorn hinter das Steuer verl\u00e4ngert. In Kombination mit der elektrischen Kofferraumklappe ist dieser Umbau perfekt f\u00fcr Aktiv-Fahrer geeignet, also Rollstuhlfahrer, die selbst ihr Fahrzeug f\u00fchren wollen. F\u00fcr die notwendige Sicherheit des Fahrers sorgen hochoffiziell gepr\u00fcfte Verankerungssysteme.<\/p>\n\n\n\n<p>Diese FlexiRamp-Konstruktion ist so flexibel, dass Beifahrerplatz sogar noch ein weiterer Rollstuhlfahrer mit seinem Rollstuhl Raum findet. Der Umbau von den Standardsitzen auf Rollstuhl und wieder zur\u00fcck ist einfach und in kurzer Zeit erledigt.<\/p>\n\n\n\n<h3 class=\"wp-block-heading\">REHARCARE erstmals seit drei Jahren<\/h3>\n\n\n\n<p>Aufgrund der Zwangspause durch Corona findet die REHACARE erstmals seit 2019 wieder live auf dem D\u00fcsseldorfer Messegel\u00e4nde statt. In der nordrhein-westf\u00e4lischen Landeshauptstadt erfahren Sie alles rund um das Thema Hilfsmittel f\u00fcr Menschen mit Behinderungen.<\/p>\n\n\n\n<p>Die Branche freut sich auf den Austausch mit Kollegen und Fachpublikum, auf neue Kontakte und tolle Innovationen von Ausstellern aus aller Welt. Tickets gibt es auf der Webseite &nbsp;<a href=\"http:\/\/www.rehacare.de\/\" target=\"_blank\" rel=\"noreferrer noopener\">www.rehacare.de<\/a>. &nbsp;<\/p>\n\n\n\n<p>Neugierig geworden? Dann holen Sie sich jetzt ihr Ticket. Wir freuen wir uns auf Ihren Besuch am API-Stand B64 in der Halle 6 bei der REHACARE 2022 in D\u00fcsseldorf.<\/p>\n","protected":false},"excerpt":{"rendered":"<p>Vom 14. \u2013 17. September 2022 findet in D\u00fcsseldorf die REHACARE statt. API ist mit einem eigenen Stand auf der weltweit gr\u00f6\u00dften Fachmesse f\u00fcr Rehabilitation und Pflege vertreten. Sie finden den API-Stand in Halle 6 am Stand B64.<\/p>\n","protected":false},"author":5,"featured_media":4823,"comment_status":"closed","ping_status":"closed","sticky":false,"template":"","format":"standard","meta":{"inline_featured_image":false,"site-sidebar-layout":"default","site-content-layout":"","ast-site-content-layout":"","site-content-style":"default","site-sidebar-style":"default","ast-global-header-display":"","ast-banner-title-visibility":"","ast-main-header-display":"","ast-hfb-above-header-display":"","ast-hfb-below-header-display":"","ast-hfb-mobile-header-display":"","site-post-title":"","ast-breadcrumbs-content":"","ast-featured-img":"","footer-sml-layout":"","theme-transparent-header-meta":"","adv-header-id-meta":"","stick-header-meta":"","header-above-stick-meta":"","header-main-stick-meta":"","header-below-stick-meta":"","astra-migrate-meta-layouts":"default","ast-page-background-enabled":"default","ast-page-background-meta":{"desktop":{"background-color":"var(--ast-global-color-4)","background-image":"","background-repeat":"repeat","background-position":"center center","background-size":"auto","background-attachment":"scroll","background-type":"","background-media":"","overlay-type":"","overlay-color":"","overlay-gradient":""},"tablet":{"background-color":"","background-image":"","background-repeat":"repeat","background-position":"center center","background-size":"auto","background-attachment":"scroll","background-type":"","background-media":"","overlay-type":"","overlay-color":"","overlay-gradient":""},"mobile":{"background-color":"","background-image":"","background-repeat":"repeat","background-position":"center center","background-size":"auto","background-attachment":"scroll","background-type":"","background-media":"","overlay-type":"","overlay-color":"","overlay-gradient":""}},"ast-content-background-meta":{"desktop":{"background-color":"var(--ast-global-color-5)","background-image":"","background-repeat":"repeat","background-position":"center center","background-size":"auto","background-attachment":"scroll","background-type":"","background-media":"","overlay-type":"","overlay-color":"","overlay-gradient":""},"tablet":{"background-color":"var(--ast-global-color-5)","background-image":"","background-repeat":"repeat","background-position":"center center","background-size":"auto","background-attachment":"scroll","background-type":"","background-media":"","overlay-type":"","overlay-color":"","overlay-gradient":""},"mobile":{"background-color":"var(--ast-global-color-5)","background-image":"","background-repeat":"repeat","background-position":"center center","background-size":"auto","background-attachment":"scroll","background-type":"","background-media":"","overlay-type":"","overlay-color":"","overlay-gradient":""}},"footnotes":""},"categories":[1],"tags":[30,40,39],"yoast_head":"<!-- This site is optimized with the Yoast SEO plugin v21.7 - https:\/\/yoast.com\/wordpress\/plugins\/seo\/ -->\n<title>API stellt aus auf der REHACARE 2022 |<\/title>\n<meta name=\"robots\" content=\"index, follow, max-snippet:-1, max-image-preview:large, max-video-preview:-1\" \/>\n<link rel=\"canonical\" href=\"https:\/\/api-mobility.com\/de\/aktuelles\/api-auf-rehacare-2022\/\" \/>\n<meta property=\"og:locale\" content=\"de_DE\" \/>\n<meta property=\"og:type\" content=\"article\" \/>\n<meta property=\"og:title\" content=\"API stellt aus auf der REHACARE 2022 |\" \/>\n<meta property=\"og:description\" content=\"Vom 14. \u2013 17. September 2022 findet in D\u00fcsseldorf die REHACARE statt. API ist mit einem eigenen Stand auf der weltweit gr\u00f6\u00dften Fachmesse f\u00fcr Rehabilitation und Pflege vertreten. Sie finden den API-Stand in Halle 6 am Stand B64.\" \/>\n<meta property=\"og:url\" content=\"https:\/\/api-mobility.com\/de\/aktuelles\/api-auf-rehacare-2022\/\" \/>\n<meta property=\"article:published_time\" content=\"2022-08-21T18:13:34+00:00\" \/>\n<meta property=\"article:modified_time\" content=\"2022-08-30T11:26:52+00:00\" \/>\n<meta property=\"og:image\" content=\"https:\/\/api-mobility.com\/wp-content\/uploads\/Rehacare_AUFMACHER-Kopie.jpg\" \/>\n\t<meta property=\"og:image:width\" content=\"960\" \/>\n\t<meta property=\"og:image:height\" content=\"664\" \/>\n\t<meta property=\"og:image:type\" content=\"image\/jpeg\" \/>\n<meta name=\"author\" content=\"Kai Dahlke\" \/>\n<meta name=\"twitter:card\" content=\"summary_large_image\" \/>\n<meta name=\"twitter:label1\" content=\"Verfasst von\" \/>\n\t<meta name=\"twitter:data1\" content=\"Kai Dahlke\" \/>\n\t<meta name=\"twitter:label2\" content=\"Gesch\u00e4tzte Lesezeit\" \/>\n\t<meta name=\"twitter:data2\" content=\"2\u00a0Minuten\" \/>\n<script type=\"application\/ld+json\" class=\"yoast-schema-graph\">{\"@context\":\"https:\/\/schema.org\",\"@graph\":[{\"@type\":\"Article\",\"@id\":\"https:\/\/api-mobility.com\/de\/aktuelles\/api-auf-rehacare-2022\/#article\",\"isPartOf\":{\"@id\":\"https:\/\/api-mobility.com\/de\/aktuelles\/api-auf-rehacare-2022\/\"},\"author\":{\"name\":\"Kai Dahlke\",\"@id\":\"https:\/\/api-mobility.com\/#\/schema\/person\/67a34d9b0eda956fd2bbaddd230be584\"},\"headline\":\"API stellt aus auf der REHACARE 2022\",\"datePublished\":\"2022-08-21T18:13:34+00:00\",\"dateModified\":\"2022-08-30T11:26:52+00:00\",\"mainEntityOfPage\":{\"@id\":\"https:\/\/api-mobility.com\/de\/aktuelles\/api-auf-rehacare-2022\/\"},\"wordCount\":391,\"publisher\":{\"@id\":\"https:\/\/api-mobility.com\/#organization\"},\"keywords\":[\"API Deutschland\",\"Messe\",\"REHACARE\"],\"articleSection\":[\"Aktuelles\"],\"inLanguage\":\"de\"},{\"@type\":\"WebPage\",\"@id\":\"https:\/\/api-mobility.com\/de\/aktuelles\/api-auf-rehacare-2022\/\",\"url\":\"https:\/\/api-mobility.com\/de\/aktuelles\/api-auf-rehacare-2022\/\",\"name\":\"API stellt aus auf der REHACARE 2022 |\",\"isPartOf\":{\"@id\":\"https:\/\/api-mobility.com\/#website\"},\"datePublished\":\"2022-08-21T18:13:34+00:00\",\"dateModified\":\"2022-08-30T11:26:52+00:00\",\"breadcrumb\":{\"@id\":\"https:\/\/api-mobility.com\/de\/aktuelles\/api-auf-rehacare-2022\/#breadcrumb\"},\"inLanguage\":\"de\",\"potentialAction\":[{\"@type\":\"ReadAction\",\"target\":[\"https:\/\/api-mobility.com\/de\/aktuelles\/api-auf-rehacare-2022\/\"]}]},{\"@type\":\"BreadcrumbList\",\"@id\":\"https:\/\/api-mobility.com\/de\/aktuelles\/api-auf-rehacare-2022\/#breadcrumb\",\"itemListElement\":[{\"@type\":\"ListItem\",\"position\":1,\"name\":\"Startseite\",\"item\":\"https:\/\/api-mobility.com\/de\/\"},{\"@type\":\"ListItem\",\"position\":2,\"name\":\"API stellt aus auf der REHACARE 2022\"}]},{\"@type\":\"WebSite\",\"@id\":\"https:\/\/api-mobility.com\/#website\",\"url\":\"https:\/\/api-mobility.com\/\",\"name\":\"API Mobility\",\"description\":\"Conversions Without Limits\",\"publisher\":{\"@id\":\"https:\/\/api-mobility.com\/#organization\"},\"alternateName\":\"API Mobility\",\"potentialAction\":[{\"@type\":\"SearchAction\",\"target\":{\"@type\":\"EntryPoint\",\"urlTemplate\":\"https:\/\/api-mobility.com\/?s={search_term_string}\"},\"query-input\":\"required name=search_term_string\"}],\"inLanguage\":\"de\"},{\"@type\":\"Organization\",\"@id\":\"https:\/\/api-mobility.com\/#organization\",\"name\":\"API\",\"url\":\"https:\/\/api-mobility.com\/\",\"logo\":{\"@type\":\"ImageObject\",\"inLanguage\":\"de\",\"@id\":\"https:\/\/api-mobility.com\/#\/schema\/logo\/image\/\",\"url\":\"https:\/\/api-mobility.com\/wp-content\/uploads\/2020\/10\/api-logo.png\",\"contentUrl\":\"https:\/\/api-mobility.com\/wp-content\/uploads\/2020\/10\/api-logo.png\",\"width\":418,\"height\":610,\"caption\":\"API\"},\"image\":{\"@id\":\"https:\/\/api-mobility.com\/#\/schema\/logo\/image\/\"}},{\"@type\":\"Person\",\"@id\":\"https:\/\/api-mobility.com\/#\/schema\/person\/67a34d9b0eda956fd2bbaddd230be584\",\"name\":\"Kai Dahlke\"}]}<\/script>\n<!-- \/ Yoast SEO plugin. -->","yoast_head_json":{"title":"API stellt aus auf der REHACARE 2022 |","robots":{"index":"index","follow":"follow","max-snippet":"max-snippet:-1","max-image-preview":"max-image-preview:large","max-video-preview":"max-video-preview:-1"},"canonical":"https:\/\/api-mobility.com\/de\/aktuelles\/api-auf-rehacare-2022\/","og_locale":"de_DE","og_type":"article","og_title":"API stellt aus auf der REHACARE 2022 |","og_description":"Vom 14. \u2013 17. September 2022 findet in D\u00fcsseldorf die REHACARE statt. API ist mit einem eigenen Stand auf der weltweit gr\u00f6\u00dften Fachmesse f\u00fcr Rehabilitation und Pflege vertreten. Sie finden den API-Stand in Halle 6 am Stand B64.","og_url":"https:\/\/api-mobility.com\/de\/aktuelles\/api-auf-rehacare-2022\/","article_published_time":"2022-08-21T18:13:34+00:00","article_modified_time":"2022-08-30T11:26:52+00:00","og_image":[{"width":960,"height":664,"url":"https:\/\/api-mobility.com\/wp-content\/uploads\/Rehacare_AUFMACHER-Kopie.jpg","type":"image\/jpeg"}],"author":"Kai Dahlke","twitter_card":"summary_large_image","twitter_misc":{"Verfasst von":"Kai Dahlke","Gesch\u00e4tzte Lesezeit":"2\u00a0Minuten"},"schema":{"@context":"https:\/\/schema.org","@graph":[{"@type":"Article","@id":"https:\/\/api-mobility.com\/de\/aktuelles\/api-auf-rehacare-2022\/#article","isPartOf":{"@id":"https:\/\/api-mobility.com\/de\/aktuelles\/api-auf-rehacare-2022\/"},"author":{"name":"Kai Dahlke","@id":"https:\/\/api-mobility.com\/#\/schema\/person\/67a34d9b0eda956fd2bbaddd230be584"},"headline":"API stellt aus auf der REHACARE 2022","datePublished":"2022-08-21T18:13:34+00:00","dateModified":"2022-08-30T11:26:52+00:00","mainEntityOfPage":{"@id":"https:\/\/api-mobility.com\/de\/aktuelles\/api-auf-rehacare-2022\/"},"wordCount":391,"publisher":{"@id":"https:\/\/api-mobility.com\/#organization"},"keywords":["API Deutschland","Messe","REHACARE"],"articleSection":["Aktuelles"],"inLanguage":"de"},{"@type":"WebPage","@id":"https:\/\/api-mobility.com\/de\/aktuelles\/api-auf-rehacare-2022\/","url":"https:\/\/api-mobility.com\/de\/aktuelles\/api-auf-rehacare-2022\/","name":"API stellt aus auf der REHACARE 2022 |","isPartOf":{"@id":"https:\/\/api-mobility.com\/#website"},"datePublished":"2022-08-21T18:13:34+00:00","dateModified":"2022-08-30T11:26:52+00:00","breadcrumb":{"@id":"https:\/\/api-mobility.com\/de\/aktuelles\/api-auf-rehacare-2022\/#breadcrumb"},"inLanguage":"de","potentialAction":[{"@type":"ReadAction","target":["https:\/\/api-mobility.com\/de\/aktuelles\/api-auf-rehacare-2022\/"]}]},{"@type":"BreadcrumbList","@id":"https:\/\/api-mobility.com\/de\/aktuelles\/api-auf-rehacare-2022\/#breadcrumb","itemListElement":[{"@type":"ListItem","position":1,"name":"Startseite","item":"https:\/\/api-mobility.com\/de\/"},{"@type":"ListItem","position":2,"name":"API stellt aus auf der REHACARE 2022"}]},{"@type":"WebSite","@id":"https:\/\/api-mobility.com\/#website","url":"https:\/\/api-mobility.com\/","name":"API Mobility","description":"Conversions Without Limits","publisher":{"@id":"https:\/\/api-mobility.com\/#organization"},"alternateName":"API Mobility","potentialAction":[{"@type":"SearchAction","target":{"@type":"EntryPoint","urlTemplate":"https:\/\/api-mobility.com\/?s={search_term_string}"},"query-input":"required name=search_term_string"}],"inLanguage":"de"},{"@type":"Organization","@id":"https:\/\/api-mobility.com\/#organization","name":"API","url":"https:\/\/api-mobility.com\/","logo":{"@type":"ImageObject","inLanguage":"de","@id":"https:\/\/api-mobility.com\/#\/schema\/logo\/image\/","url":"https:\/\/api-mobility.com\/wp-content\/uploads\/2020\/10\/api-logo.png","contentUrl":"https:\/\/api-mobility.com\/wp-content\/uploads\/2020\/10\/api-logo.png","width":418,"height":610,"caption":"API"},"image":{"@id":"https:\/\/api-mobility.com\/#\/schema\/logo\/image\/"}},{"@type":"Person","@id":"https:\/\/api-mobility.com\/#\/schema\/person\/67a34d9b0eda956fd2bbaddd230be584","name":"Kai Dahlke"}]}},"_links":{"self":[{"href":"https:\/\/api-mobility.com\/de\/wp-json\/wp\/v2\/posts\/4827"}],"collection":[{"href":"https:\/\/api-mobility.com\/de\/wp-json\/wp\/v2\/posts"}],"about":[{"href":"https:\/\/api-mobility.com\/de\/wp-json\/wp\/v2\/types\/post"}],"author":[{"embeddable":true,"href":"https:\/\/api-mobility.com\/de\/wp-json\/wp\/v2\/users\/5"}],"replies":[{"embeddable":true,"href":"https:\/\/api-mobility.com\/de\/wp-json\/wp\/v2\/comments?post=4827"}],"version-history":[{"count":1,"href":"https:\/\/api-mobility.com\/de\/wp-json\/wp\/v2\/posts\/4827\/revisions"}],"predecessor-version":[{"id":4828,"href":"https:\/\/api-mobility.com\/de\/wp-json\/wp\/v2\/posts\/4827\/revisions\/4828"}],"wp:featuredmedia":[{"embeddable":true,"href":"https:\/\/api-mobility.com\/de\/wp-json\/wp\/v2\/media\/4823"}],"wp:attachment":[{"href":"https:\/\/api-mobility.com\/de\/wp-json\/wp\/v2\/media?parent=4827"}],"wp:term":[{"taxonomy":"category","embeddable":true,"href":"https:\/\/api-mobility.com\/de\/wp-json\/wp\/v2\/categories?post=4827"},{"taxonomy":"post_tag","embeddable":true,"href":"https:\/\/api-mobility.com\/de\/wp-json\/wp\/v2\/tags?post=4827"}],"curies":[{"name":"wp","href":"https:\/\/api.w.org\/{rel}","templated":true}]}}