{"id":4796,"date":"2022-05-30T13:24:27","date_gmt":"2022-05-30T11:24:27","guid":{"rendered":"https:\/\/api-mobility.com\/?p=4796"},"modified":"2022-08-30T13:26:41","modified_gmt":"2022-08-30T11:26:41","slug":"rettmobil-war-voller-erfolg","status":"publish","type":"post","link":"https:\/\/api-mobility.com\/de\/aktuelles\/rettmobil-war-voller-erfolg\/","title":{"rendered":"RETTmobil war voller Erfolg"},"content":{"rendered":"\n<p>Im Mai 2022 fand in Fulda endlich wieder die RETTmobil 2022 statt. Wir waren nat\u00fcrlich mit dabei, um die Angebotspalette von API Deutschland dem internationalen Fachpublikum zu pr\u00e4sentieren.&nbsp;<\/p>\n\n\n\n<p>Besonders im Fokus standen dabei e-Mobilit\u00e4tsl\u00f6sungen, sowohl auf der gesamten Messe als auch auf unserem Stand in Halle F. So interessierten sich die Besucher besonders f\u00fcr den mit der FlexiRamp umger\u00fcsteten Mercedes eVito, wie API-Gesch\u00e4ftsf\u00fchrer Stephan Schwartz best\u00e4tigt:&nbsp;<\/p>\n\n\n\n<p>\u201cUnser eVito war ein echter Publikumsmagnet. Doch nicht nur die Fachbesucher, sondern auch die Vertreter von Mercedes zeigten sich von unserem Umbau begeistert. Au\u00dferdem hatten wir sehr gute Gespr\u00e4che mit den offiziellen norwegischen Mercedes-Importeuren.\u201d&nbsp;<\/p>\n\n\n\n<p>In dem nordeurop\u00e4ischen Land ist die Nachfrage nach eMobilit\u00e4t besonders gro\u00df, denn die norwegische Regierung f\u00e4hrt einen progressiven Kurs beim Ausstieg aus den Verbrennungsmotoren. So waren schon im <a rel=\"noreferrer noopener\" href=\"https:\/\/www.elektroauto-news.net\/2021\/norwegen-rekordwert-reine-e-fahrzeuge-im-dezember-2020\" target=\"_blank\"><strong>Dezember 2020 zwei Drittel aller Neuzulassungen<\/strong><\/a> reine Elektroautos.\u00a0\u00a0\u00a0\u00a0<\/p>\n\n\n\n<h2 class=\"wp-block-heading\">Pers\u00f6nlicher Austausch im Fokus<\/h2>\n\n\n\n<p>\u201cDie Menschen haben wir Lust auf den pers\u00f6nlichen Austausch, das haben wir auf dem API-Stand ganz klar gemerkt. Wir trafen viele Gesch\u00e4ftspartner und hatten jede Menge positiver Kontakte mit potenziellen Kunden. Diese werden wir in den kommenden Monaten fortsetzen\u201d, zieht Schwartz ein durchweg zufriedenes Fazit.&nbsp;<\/p>\n\n\n\n<p>Insgesamt war die erste Rettmobil nach der Corona-bedingten Zwangspause ein echter Erfolg. 22.000 Besucher aus \u00fcber 50 Nationen und knapp 470 Aussteller aus 25 L\u00e4ndern &#8211; diese Zahlen \u00fcberstiegen die Erwartungen der Veranstalter. Und so freuen sich Veranstalter und Branche bereits auf die n\u00e4chste Messe vom 10. bis 12. Mai 2023.<\/p>\n\n\n\n<p>API Deutschland ist als Aussteller auch bei der diesj\u00e4hrigen <a rel=\"noreferrer noopener\" href=\"https:\/\/www.rehacare.de\/\" target=\"_blank\"><strong>REHACARE<\/strong> <\/a>vom 14. &#8211; 17. September in D\u00fcsseldorf dabei.<\/p>\n","protected":false},"excerpt":{"rendered":"<p>Unser umger\u00fcsteter eVito war ein echter Publikumsmagnet. Doch nicht nur die Fachbesucher, sondern auch die Vertreter von Mercedes zeigten sich vom Umbau begeistert&#8220;, freut sich Stephan Schwartz. <\/p>\n","protected":false},"author":5,"featured_media":4797,"comment_status":"closed","ping_status":"closed","sticky":false,"template":"","format":"standard","meta":{"inline_featured_image":false,"site-sidebar-layout":"default","site-content-layout":"","ast-site-content-layout":"","site-content-style":"default","site-sidebar-style":"default","ast-global-header-display":"","ast-banner-title-visibility":"","ast-main-header-display":"","ast-hfb-above-header-display":"","ast-hfb-below-header-display":"","ast-hfb-mobile-header-display":"","site-post-title":"","ast-breadcrumbs-content":"","ast-featured-img":"","footer-sml-layout":"","theme-transparent-header-meta":"","adv-header-id-meta":"","stick-header-meta":"","header-above-stick-meta":"","header-main-stick-meta":"","header-below-stick-meta":"","astra-migrate-meta-layouts":"default","ast-page-background-enabled":"default","ast-page-background-meta":{"desktop":{"background-color":"var(--ast-global-color-4)","background-image":"","background-repeat":"repeat","background-position":"center center","background-size":"auto","background-attachment":"scroll","background-type":"","background-media":"","overlay-type":"","overlay-color":"","overlay-gradient":""},"tablet":{"background-color":"","background-image":"","background-repeat":"repeat","background-position":"center center","background-size":"auto","background-attachment":"scroll","background-type":"","background-media":"","overlay-type":"","overlay-color":"","overlay-gradient":""},"mobile":{"background-color":"","background-image":"","background-repeat":"repeat","background-position":"center center","background-size":"auto","background-attachment":"scroll","background-type":"","background-media":"","overlay-type":"","overlay-color":"","overlay-gradient":""}},"ast-content-background-meta":{"desktop":{"background-color":"var(--ast-global-color-5)","background-image":"","background-repeat":"repeat","background-position":"center center","background-size":"auto","background-attachment":"scroll","background-type":"","background-media":"","overlay-type":"","overlay-color":"","overlay-gradient":""},"tablet":{"background-color":"var(--ast-global-color-5)","background-image":"","background-repeat":"repeat","background-position":"center center","background-size":"auto","background-attachment":"scroll","background-type":"","background-media":"","overlay-type":"","overlay-color":"","overlay-gradient":""},"mobile":{"background-color":"var(--ast-global-color-5)","background-image":"","background-repeat":"repeat","background-position":"center center","background-size":"auto","background-attachment":"scroll","background-type":"","background-media":"","overlay-type":"","overlay-color":"","overlay-gradient":""}},"footnotes":""},"categories":[1],"tags":[30,33,28,32],"yoast_head":"<!-- This site is optimized with the Yoast SEO plugin v21.7 - https:\/\/yoast.com\/wordpress\/plugins\/seo\/ -->\n<title>RETTmobil war voller Erfolg |<\/title>\n<meta name=\"robots\" content=\"index, follow, max-snippet:-1, max-image-preview:large, max-video-preview:-1\" \/>\n<link rel=\"canonical\" href=\"https:\/\/api-mobility.com\/de\/aktuelles\/rettmobil-war-voller-erfolg\/\" \/>\n<meta property=\"og:locale\" content=\"de_DE\" \/>\n<meta property=\"og:type\" content=\"article\" \/>\n<meta property=\"og:title\" content=\"RETTmobil war voller Erfolg |\" \/>\n<meta property=\"og:description\" content=\"Unser umger\u00fcsteter eVito war ein echter Publikumsmagnet. Doch nicht nur die Fachbesucher, sondern auch die Vertreter von Mercedes zeigten sich vom Umbau begeistert&quot;, freut sich Stephan Schwartz.\" \/>\n<meta property=\"og:url\" content=\"https:\/\/api-mobility.com\/de\/aktuelles\/rettmobil-war-voller-erfolg\/\" \/>\n<meta property=\"article:published_time\" content=\"2022-05-30T11:24:27+00:00\" \/>\n<meta property=\"article:modified_time\" content=\"2022-08-30T11:26:41+00:00\" \/>\n<meta property=\"og:image\" content=\"https:\/\/api-mobility.com\/wp-content\/uploads\/Rettmobil22.jpeg\" \/>\n\t<meta property=\"og:image:width\" content=\"1599\" \/>\n\t<meta property=\"og:image:height\" content=\"899\" \/>\n\t<meta property=\"og:image:type\" content=\"image\/jpeg\" \/>\n<meta name=\"author\" content=\"Kai Dahlke\" \/>\n<meta name=\"twitter:card\" content=\"summary_large_image\" \/>\n<meta name=\"twitter:label1\" content=\"Verfasst von\" \/>\n\t<meta name=\"twitter:data1\" content=\"Kai Dahlke\" \/>\n\t<meta name=\"twitter:label2\" content=\"Gesch\u00e4tzte Lesezeit\" \/>\n\t<meta name=\"twitter:data2\" content=\"1\u00a0Minute\" \/>\n<script type=\"application\/ld+json\" class=\"yoast-schema-graph\">{\"@context\":\"https:\/\/schema.org\",\"@graph\":[{\"@type\":\"Article\",\"@id\":\"https:\/\/api-mobility.com\/de\/aktuelles\/rettmobil-war-voller-erfolg\/#article\",\"isPartOf\":{\"@id\":\"https:\/\/api-mobility.com\/de\/aktuelles\/rettmobil-war-voller-erfolg\/\"},\"author\":{\"name\":\"Kai Dahlke\",\"@id\":\"https:\/\/api-mobility.com\/#\/schema\/person\/67a34d9b0eda956fd2bbaddd230be584\"},\"headline\":\"RETTmobil war voller Erfolg\",\"datePublished\":\"2022-05-30T11:24:27+00:00\",\"dateModified\":\"2022-08-30T11:26:41+00:00\",\"mainEntityOfPage\":{\"@id\":\"https:\/\/api-mobility.com\/de\/aktuelles\/rettmobil-war-voller-erfolg\/\"},\"wordCount\":271,\"publisher\":{\"@id\":\"https:\/\/api-mobility.com\/#organization\"},\"keywords\":[\"API Deutschland\",\"eVito\",\"FlexiRamp\",\"Rettmobil\"],\"articleSection\":[\"Aktuelles\"],\"inLanguage\":\"de\"},{\"@type\":\"WebPage\",\"@id\":\"https:\/\/api-mobility.com\/de\/aktuelles\/rettmobil-war-voller-erfolg\/\",\"url\":\"https:\/\/api-mobility.com\/de\/aktuelles\/rettmobil-war-voller-erfolg\/\",\"name\":\"RETTmobil war voller Erfolg |\",\"isPartOf\":{\"@id\":\"https:\/\/api-mobility.com\/#website\"},\"datePublished\":\"2022-05-30T11:24:27+00:00\",\"dateModified\":\"2022-08-30T11:26:41+00:00\",\"breadcrumb\":{\"@id\":\"https:\/\/api-mobility.com\/de\/aktuelles\/rettmobil-war-voller-erfolg\/#breadcrumb\"},\"inLanguage\":\"de\",\"potentialAction\":[{\"@type\":\"ReadAction\",\"target\":[\"https:\/\/api-mobility.com\/de\/aktuelles\/rettmobil-war-voller-erfolg\/\"]}]},{\"@type\":\"BreadcrumbList\",\"@id\":\"https:\/\/api-mobility.com\/de\/aktuelles\/rettmobil-war-voller-erfolg\/#breadcrumb\",\"itemListElement\":[{\"@type\":\"ListItem\",\"position\":1,\"name\":\"Startseite\",\"item\":\"https:\/\/api-mobility.com\/de\/\"},{\"@type\":\"ListItem\",\"position\":2,\"name\":\"RETTmobil war voller Erfolg\"}]},{\"@type\":\"WebSite\",\"@id\":\"https:\/\/api-mobility.com\/#website\",\"url\":\"https:\/\/api-mobility.com\/\",\"name\":\"API Mobility\",\"description\":\"Conversions Without Limits\",\"publisher\":{\"@id\":\"https:\/\/api-mobility.com\/#organization\"},\"alternateName\":\"API Mobility\",\"potentialAction\":[{\"@type\":\"SearchAction\",\"target\":{\"@type\":\"EntryPoint\",\"urlTemplate\":\"https:\/\/api-mobility.com\/?s={search_term_string}\"},\"query-input\":\"required name=search_term_string\"}],\"inLanguage\":\"de\"},{\"@type\":\"Organization\",\"@id\":\"https:\/\/api-mobility.com\/#organization\",\"name\":\"API\",\"url\":\"https:\/\/api-mobility.com\/\",\"logo\":{\"@type\":\"ImageObject\",\"inLanguage\":\"de\",\"@id\":\"https:\/\/api-mobility.com\/#\/schema\/logo\/image\/\",\"url\":\"https:\/\/api-mobility.com\/wp-content\/uploads\/2020\/10\/api-logo.png\",\"contentUrl\":\"https:\/\/api-mobility.com\/wp-content\/uploads\/2020\/10\/api-logo.png\",\"width\":418,\"height\":610,\"caption\":\"API\"},\"image\":{\"@id\":\"https:\/\/api-mobility.com\/#\/schema\/logo\/image\/\"}},{\"@type\":\"Person\",\"@id\":\"https:\/\/api-mobility.com\/#\/schema\/person\/67a34d9b0eda956fd2bbaddd230be584\",\"name\":\"Kai Dahlke\"}]}<\/script>\n<!-- \/ Yoast SEO plugin. -->","yoast_head_json":{"title":"RETTmobil war voller Erfolg |","robots":{"index":"index","follow":"follow","max-snippet":"max-snippet:-1","max-image-preview":"max-image-preview:large","max-video-preview":"max-video-preview:-1"},"canonical":"https:\/\/api-mobility.com\/de\/aktuelles\/rettmobil-war-voller-erfolg\/","og_locale":"de_DE","og_type":"article","og_title":"RETTmobil war voller Erfolg |","og_description":"Unser umger\u00fcsteter eVito war ein echter Publikumsmagnet. Doch nicht nur die Fachbesucher, sondern auch die Vertreter von Mercedes zeigten sich vom Umbau begeistert\", freut sich Stephan Schwartz.","og_url":"https:\/\/api-mobility.com\/de\/aktuelles\/rettmobil-war-voller-erfolg\/","article_published_time":"2022-05-30T11:24:27+00:00","article_modified_time":"2022-08-30T11:26:41+00:00","og_image":[{"width":1599,"height":899,"url":"https:\/\/api-mobility.com\/wp-content\/uploads\/Rettmobil22.jpeg","type":"image\/jpeg"}],"author":"Kai Dahlke","twitter_card":"summary_large_image","twitter_misc":{"Verfasst von":"Kai Dahlke","Gesch\u00e4tzte Lesezeit":"1\u00a0Minute"},"schema":{"@context":"https:\/\/schema.org","@graph":[{"@type":"Article","@id":"https:\/\/api-mobility.com\/de\/aktuelles\/rettmobil-war-voller-erfolg\/#article","isPartOf":{"@id":"https:\/\/api-mobility.com\/de\/aktuelles\/rettmobil-war-voller-erfolg\/"},"author":{"name":"Kai Dahlke","@id":"https:\/\/api-mobility.com\/#\/schema\/person\/67a34d9b0eda956fd2bbaddd230be584"},"headline":"RETTmobil war voller Erfolg","datePublished":"2022-05-30T11:24:27+00:00","dateModified":"2022-08-30T11:26:41+00:00","mainEntityOfPage":{"@id":"https:\/\/api-mobility.com\/de\/aktuelles\/rettmobil-war-voller-erfolg\/"},"wordCount":271,"publisher":{"@id":"https:\/\/api-mobility.com\/#organization"},"keywords":["API Deutschland","eVito","FlexiRamp","Rettmobil"],"articleSection":["Aktuelles"],"inLanguage":"de"},{"@type":"WebPage","@id":"https:\/\/api-mobility.com\/de\/aktuelles\/rettmobil-war-voller-erfolg\/","url":"https:\/\/api-mobility.com\/de\/aktuelles\/rettmobil-war-voller-erfolg\/","name":"RETTmobil war voller Erfolg |","isPartOf":{"@id":"https:\/\/api-mobility.com\/#website"},"datePublished":"2022-05-30T11:24:27+00:00","dateModified":"2022-08-30T11:26:41+00:00","breadcrumb":{"@id":"https:\/\/api-mobility.com\/de\/aktuelles\/rettmobil-war-voller-erfolg\/#breadcrumb"},"inLanguage":"de","potentialAction":[{"@type":"ReadAction","target":["https:\/\/api-mobility.com\/de\/aktuelles\/rettmobil-war-voller-erfolg\/"]}]},{"@type":"BreadcrumbList","@id":"https:\/\/api-mobility.com\/de\/aktuelles\/rettmobil-war-voller-erfolg\/#breadcrumb","itemListElement":[{"@type":"ListItem","position":1,"name":"Startseite","item":"https:\/\/api-mobility.com\/de\/"},{"@type":"ListItem","position":2,"name":"RETTmobil war voller Erfolg"}]},{"@type":"WebSite","@id":"https:\/\/api-mobility.com\/#website","url":"https:\/\/api-mobility.com\/","name":"API Mobility","description":"Conversions Without Limits","publisher":{"@id":"https:\/\/api-mobility.com\/#organization"},"alternateName":"API Mobility","potentialAction":[{"@type":"SearchAction","target":{"@type":"EntryPoint","urlTemplate":"https:\/\/api-mobility.com\/?s={search_term_string}"},"query-input":"required name=search_term_string"}],"inLanguage":"de"},{"@type":"Organization","@id":"https:\/\/api-mobility.com\/#organization","name":"API","url":"https:\/\/api-mobility.com\/","logo":{"@type":"ImageObject","inLanguage":"de","@id":"https:\/\/api-mobility.com\/#\/schema\/logo\/image\/","url":"https:\/\/api-mobility.com\/wp-content\/uploads\/2020\/10\/api-logo.png","contentUrl":"https:\/\/api-mobility.com\/wp-content\/uploads\/2020\/10\/api-logo.png","width":418,"height":610,"caption":"API"},"image":{"@id":"https:\/\/api-mobility.com\/#\/schema\/logo\/image\/"}},{"@type":"Person","@id":"https:\/\/api-mobility.com\/#\/schema\/person\/67a34d9b0eda956fd2bbaddd230be584","name":"Kai Dahlke"}]}},"_links":{"self":[{"href":"https:\/\/api-mobility.com\/de\/wp-json\/wp\/v2\/posts\/4796"}],"collection":[{"href":"https:\/\/api-mobility.com\/de\/wp-json\/wp\/v2\/posts"}],"about":[{"href":"https:\/\/api-mobility.com\/de\/wp-json\/wp\/v2\/types\/post"}],"author":[{"embeddable":true,"href":"https:\/\/api-mobility.com\/de\/wp-json\/wp\/v2\/users\/5"}],"replies":[{"embeddable":true,"href":"https:\/\/api-mobility.com\/de\/wp-json\/wp\/v2\/comments?post=4796"}],"version-history":[{"count":8,"href":"https:\/\/api-mobility.com\/de\/wp-json\/wp\/v2\/posts\/4796\/revisions"}],"predecessor-version":[{"id":4808,"href":"https:\/\/api-mobility.com\/de\/wp-json\/wp\/v2\/posts\/4796\/revisions\/4808"}],"wp:featuredmedia":[{"embeddable":true,"href":"https:\/\/api-mobility.com\/de\/wp-json\/wp\/v2\/media\/4797"}],"wp:attachment":[{"href":"https:\/\/api-mobility.com\/de\/wp-json\/wp\/v2\/media?parent=4796"}],"wp:term":[{"taxonomy":"category","embeddable":true,"href":"https:\/\/api-mobility.com\/de\/wp-json\/wp\/v2\/categories?post=4796"},{"taxonomy":"post_tag","embeddable":true,"href":"https:\/\/api-mobility.com\/de\/wp-json\/wp\/v2\/tags?post=4796"}],"curies":[{"name":"wp","href":"https:\/\/api.w.org\/{rel}","templated":true}]}}