{"id":4749,"date":"2022-05-08T14:29:31","date_gmt":"2022-05-08T12:29:31","guid":{"rendered":"https:\/\/api-mobility.com\/?p=4749"},"modified":"2022-05-08T17:18:05","modified_gmt":"2022-05-08T15:18:05","slug":"api-auf-rettmobil-22-in-fulda","status":"publish","type":"post","link":"https:\/\/api-mobility.com\/de\/aktuelles\/api-auf-rettmobil-22-in-fulda\/","title":{"rendered":"API auf RETTmobil &#8217;22 in Fulda"},"content":{"rendered":"\n<p>Vom 11. bis 13. Mai findet erstmals seit 2019 wieder die <strong><a href=\"https:\/\/www.rettmobil-international.com\/\" target=\"_blank\" rel=\"noreferrer noopener\">RETTmobil<\/a> <\/strong>statt &#8211; die internationale Leitmesse f\u00fcr Rettung und Mobilit\u00e4t. \u00dcber 400 Aussteller aus aller Welt stellen Ihre Innovationen und Produkte vor. Und nat\u00fcrlich sind wir von API Deutschland auch dabei.<\/p>\n\n\n\n<p>Der Umstieg von Verbrennungsmotoren auf Elektroantrieb bedeutet f\u00fcr die gesamte Automobilindustrie nicht weniger als eine Revolution. Um ihre Wettbewerbsf\u00e4higkeit nachhaltig zu sichern, sind viele Fahrzeughersteller Partnerschaften eingegangen und investieren in die Entwicklung und den Einsatz ihrer eigenen Elektrofahrzeug-Plattformen.<\/p>\n\n\n\n<p>Welche speziellen Herausforderungen das Umr\u00fcstungen von elektrobetriebenen Fahrzeugen mit sich bringt, haben wir bereits ausf\u00fchrlich in diesem <a href=\"https:\/\/api-mobility.com\/wp-content\/uploads\/API_PARAlife-1-2022.pdf\" target=\"_blank\" rel=\"noreferrer noopener\"><strong>Interview in der Zeitschrift PARAlife<\/strong><\/a> geschildert.<\/p>\n\n\n\n<h2 class=\"wp-block-heading\">FlexiRamp Pro f\u00fcr Mercedes eVito<\/h2>\n\n\n\n<p>Wir als API haben uns trotzdem entschlossen, unsere L\u00f6sungen m\u00f6glichst schnell auch f\u00fcr Elektrofahrzeuge anzubieten. Und so haben wir die FlexiRamp PRO entwickelt und auf den Mercedes eVito angepasst.<\/p>\n\n\n\n<p>Unsere Techniker haben dabei ein einzigartiges Doppelbodensystem (Double Floor System, DFS) konzipiert. Dieses System erm\u00f6glicht dem Benutzer sehr viel Flexibilit\u00e4t beim Einstellen der H\u00f6he, was wiederum ein sehr komfortables Benutzererlebnis erm\u00f6glicht.<\/p>\n\n\n\n<p>Wir freuen uns darauf, die neue FlexiRamp PRO erstmals der breiten Fach\u00f6ffentlichkeit vorzustellen. Daf\u00fcr ist die RETTmobil genau der richtige Rahmen. <strong>Den API-Stand finden Sie in Halle F, Stand 76<\/strong>. Wir freuen uns auf Ihren Besuch und auf &#8211; endlich wieder &#8211; viele pers\u00f6nliche Gespr\u00e4che.&nbsp;&nbsp;<\/p>\n","protected":false},"excerpt":{"rendered":"<p>Vom 11. bis 13. Mai findet erstmals seit 2019 wieder die RETTmobil statt &#8211; die internationale Leitmesse f\u00fcr Rettung und Mobilit\u00e4t. \u00dcber 400 Aussteller aus aller Welt stellen Ihre Innovationen und Produkte vor. Und nat\u00fcrlich sind wir auch dabei.<\/p>\n","protected":false},"author":5,"featured_media":4783,"comment_status":"closed","ping_status":"closed","sticky":false,"template":"","format":"standard","meta":{"inline_featured_image":false,"site-sidebar-layout":"default","site-content-layout":"","ast-site-content-layout":"","site-content-style":"default","site-sidebar-style":"default","ast-global-header-display":"","ast-banner-title-visibility":"","ast-main-header-display":"","ast-hfb-above-header-display":"","ast-hfb-below-header-display":"","ast-hfb-mobile-header-display":"","site-post-title":"","ast-breadcrumbs-content":"","ast-featured-img":"","footer-sml-layout":"","theme-transparent-header-meta":"","adv-header-id-meta":"","stick-header-meta":"","header-above-stick-meta":"","header-main-stick-meta":"","header-below-stick-meta":"","astra-migrate-meta-layouts":"default","ast-page-background-enabled":"default","ast-page-background-meta":{"desktop":{"background-color":"var(--ast-global-color-4)","background-image":"","background-repeat":"repeat","background-position":"center center","background-size":"auto","background-attachment":"scroll","background-type":"","background-media":"","overlay-type":"","overlay-color":"","overlay-gradient":""},"tablet":{"background-color":"","background-image":"","background-repeat":"repeat","background-position":"center center","background-size":"auto","background-attachment":"scroll","background-type":"","background-media":"","overlay-type":"","overlay-color":"","overlay-gradient":""},"mobile":{"background-color":"","background-image":"","background-repeat":"repeat","background-position":"center center","background-size":"auto","background-attachment":"scroll","background-type":"","background-media":"","overlay-type":"","overlay-color":"","overlay-gradient":""}},"ast-content-background-meta":{"desktop":{"background-color":"var(--ast-global-color-5)","background-image":"","background-repeat":"repeat","background-position":"center center","background-size":"auto","background-attachment":"scroll","background-type":"","background-media":"","overlay-type":"","overlay-color":"","overlay-gradient":""},"tablet":{"background-color":"var(--ast-global-color-5)","background-image":"","background-repeat":"repeat","background-position":"center center","background-size":"auto","background-attachment":"scroll","background-type":"","background-media":"","overlay-type":"","overlay-color":"","overlay-gradient":""},"mobile":{"background-color":"var(--ast-global-color-5)","background-image":"","background-repeat":"repeat","background-position":"center center","background-size":"auto","background-attachment":"scroll","background-type":"","background-media":"","overlay-type":"","overlay-color":"","overlay-gradient":""}},"footnotes":""},"categories":[1],"tags":[30,33,28,32],"yoast_head":"<!-- This site is optimized with the Yoast SEO plugin v21.7 - https:\/\/yoast.com\/wordpress\/plugins\/seo\/ -->\n<title>API auf RETTmobil &#039;22 in Fulda |<\/title>\n<meta name=\"robots\" content=\"index, follow, max-snippet:-1, max-image-preview:large, max-video-preview:-1\" \/>\n<link rel=\"canonical\" href=\"https:\/\/api-mobility.com\/de\/aktuelles\/api-auf-rettmobil-22-in-fulda\/\" \/>\n<meta property=\"og:locale\" content=\"de_DE\" \/>\n<meta property=\"og:type\" content=\"article\" \/>\n<meta property=\"og:title\" content=\"API auf RETTmobil &#039;22 in Fulda |\" \/>\n<meta property=\"og:description\" content=\"Vom 11. bis 13. Mai findet erstmals seit 2019 wieder die RETTmobil statt - die internationale Leitmesse f\u00fcr Rettung und Mobilit\u00e4t. \u00dcber 400 Aussteller aus aller Welt stellen Ihre Innovationen und Produkte vor. Und nat\u00fcrlich sind wir auch dabei.\" \/>\n<meta property=\"og:url\" content=\"https:\/\/api-mobility.com\/de\/aktuelles\/api-auf-rettmobil-22-in-fulda\/\" \/>\n<meta property=\"article:published_time\" content=\"2022-05-08T12:29:31+00:00\" \/>\n<meta property=\"article:modified_time\" content=\"2022-05-08T15:18:05+00:00\" \/>\n<meta property=\"og:image\" content=\"https:\/\/api-mobility.com\/wp-content\/uploads\/Rettmobil3.jpg\" \/>\n\t<meta property=\"og:image:width\" content=\"1830\" \/>\n\t<meta property=\"og:image:height\" content=\"1070\" \/>\n\t<meta property=\"og:image:type\" content=\"image\/jpeg\" \/>\n<meta name=\"author\" content=\"Kai Dahlke\" \/>\n<meta name=\"twitter:card\" content=\"summary_large_image\" \/>\n<meta name=\"twitter:label1\" content=\"Verfasst von\" \/>\n\t<meta name=\"twitter:data1\" content=\"Kai Dahlke\" \/>\n\t<meta name=\"twitter:label2\" content=\"Gesch\u00e4tzte Lesezeit\" \/>\n\t<meta name=\"twitter:data2\" content=\"1\u00a0Minute\" \/>\n<script type=\"application\/ld+json\" class=\"yoast-schema-graph\">{\"@context\":\"https:\/\/schema.org\",\"@graph\":[{\"@type\":\"Article\",\"@id\":\"https:\/\/api-mobility.com\/de\/aktuelles\/api-auf-rettmobil-22-in-fulda\/#article\",\"isPartOf\":{\"@id\":\"https:\/\/api-mobility.com\/de\/aktuelles\/api-auf-rettmobil-22-in-fulda\/\"},\"author\":{\"name\":\"Kai Dahlke\",\"@id\":\"https:\/\/api-mobility.com\/#\/schema\/person\/67a34d9b0eda956fd2bbaddd230be584\"},\"headline\":\"API auf RETTmobil &#8217;22 in Fulda\",\"datePublished\":\"2022-05-08T12:29:31+00:00\",\"dateModified\":\"2022-05-08T15:18:05+00:00\",\"mainEntityOfPage\":{\"@id\":\"https:\/\/api-mobility.com\/de\/aktuelles\/api-auf-rettmobil-22-in-fulda\/\"},\"wordCount\":235,\"publisher\":{\"@id\":\"https:\/\/api-mobility.com\/#organization\"},\"keywords\":[\"API Deutschland\",\"eVito\",\"FlexiRamp\",\"Rettmobil\"],\"articleSection\":[\"Aktuelles\"],\"inLanguage\":\"de\"},{\"@type\":\"WebPage\",\"@id\":\"https:\/\/api-mobility.com\/de\/aktuelles\/api-auf-rettmobil-22-in-fulda\/\",\"url\":\"https:\/\/api-mobility.com\/de\/aktuelles\/api-auf-rettmobil-22-in-fulda\/\",\"name\":\"API auf RETTmobil '22 in Fulda |\",\"isPartOf\":{\"@id\":\"https:\/\/api-mobility.com\/#website\"},\"datePublished\":\"2022-05-08T12:29:31+00:00\",\"dateModified\":\"2022-05-08T15:18:05+00:00\",\"breadcrumb\":{\"@id\":\"https:\/\/api-mobility.com\/de\/aktuelles\/api-auf-rettmobil-22-in-fulda\/#breadcrumb\"},\"inLanguage\":\"de\",\"potentialAction\":[{\"@type\":\"ReadAction\",\"target\":[\"https:\/\/api-mobility.com\/de\/aktuelles\/api-auf-rettmobil-22-in-fulda\/\"]}]},{\"@type\":\"BreadcrumbList\",\"@id\":\"https:\/\/api-mobility.com\/de\/aktuelles\/api-auf-rettmobil-22-in-fulda\/#breadcrumb\",\"itemListElement\":[{\"@type\":\"ListItem\",\"position\":1,\"name\":\"Startseite\",\"item\":\"https:\/\/api-mobility.com\/de\/\"},{\"@type\":\"ListItem\",\"position\":2,\"name\":\"API auf RETTmobil &#8217;22 in Fulda\"}]},{\"@type\":\"WebSite\",\"@id\":\"https:\/\/api-mobility.com\/#website\",\"url\":\"https:\/\/api-mobility.com\/\",\"name\":\"API Mobility\",\"description\":\"Conversions Without Limits\",\"publisher\":{\"@id\":\"https:\/\/api-mobility.com\/#organization\"},\"alternateName\":\"API Mobility\",\"potentialAction\":[{\"@type\":\"SearchAction\",\"target\":{\"@type\":\"EntryPoint\",\"urlTemplate\":\"https:\/\/api-mobility.com\/?s={search_term_string}\"},\"query-input\":\"required name=search_term_string\"}],\"inLanguage\":\"de\"},{\"@type\":\"Organization\",\"@id\":\"https:\/\/api-mobility.com\/#organization\",\"name\":\"API\",\"url\":\"https:\/\/api-mobility.com\/\",\"logo\":{\"@type\":\"ImageObject\",\"inLanguage\":\"de\",\"@id\":\"https:\/\/api-mobility.com\/#\/schema\/logo\/image\/\",\"url\":\"https:\/\/api-mobility.com\/wp-content\/uploads\/2020\/10\/api-logo.png\",\"contentUrl\":\"https:\/\/api-mobility.com\/wp-content\/uploads\/2020\/10\/api-logo.png\",\"width\":418,\"height\":610,\"caption\":\"API\"},\"image\":{\"@id\":\"https:\/\/api-mobility.com\/#\/schema\/logo\/image\/\"}},{\"@type\":\"Person\",\"@id\":\"https:\/\/api-mobility.com\/#\/schema\/person\/67a34d9b0eda956fd2bbaddd230be584\",\"name\":\"Kai Dahlke\"}]}<\/script>\n<!-- \/ Yoast SEO plugin. -->","yoast_head_json":{"title":"API auf RETTmobil '22 in Fulda |","robots":{"index":"index","follow":"follow","max-snippet":"max-snippet:-1","max-image-preview":"max-image-preview:large","max-video-preview":"max-video-preview:-1"},"canonical":"https:\/\/api-mobility.com\/de\/aktuelles\/api-auf-rettmobil-22-in-fulda\/","og_locale":"de_DE","og_type":"article","og_title":"API auf RETTmobil '22 in Fulda |","og_description":"Vom 11. bis 13. Mai findet erstmals seit 2019 wieder die RETTmobil statt - die internationale Leitmesse f\u00fcr Rettung und Mobilit\u00e4t. \u00dcber 400 Aussteller aus aller Welt stellen Ihre Innovationen und Produkte vor. Und nat\u00fcrlich sind wir auch dabei.","og_url":"https:\/\/api-mobility.com\/de\/aktuelles\/api-auf-rettmobil-22-in-fulda\/","article_published_time":"2022-05-08T12:29:31+00:00","article_modified_time":"2022-05-08T15:18:05+00:00","og_image":[{"width":1830,"height":1070,"url":"https:\/\/api-mobility.com\/wp-content\/uploads\/Rettmobil3.jpg","type":"image\/jpeg"}],"author":"Kai Dahlke","twitter_card":"summary_large_image","twitter_misc":{"Verfasst von":"Kai Dahlke","Gesch\u00e4tzte Lesezeit":"1\u00a0Minute"},"schema":{"@context":"https:\/\/schema.org","@graph":[{"@type":"Article","@id":"https:\/\/api-mobility.com\/de\/aktuelles\/api-auf-rettmobil-22-in-fulda\/#article","isPartOf":{"@id":"https:\/\/api-mobility.com\/de\/aktuelles\/api-auf-rettmobil-22-in-fulda\/"},"author":{"name":"Kai Dahlke","@id":"https:\/\/api-mobility.com\/#\/schema\/person\/67a34d9b0eda956fd2bbaddd230be584"},"headline":"API auf RETTmobil &#8217;22 in Fulda","datePublished":"2022-05-08T12:29:31+00:00","dateModified":"2022-05-08T15:18:05+00:00","mainEntityOfPage":{"@id":"https:\/\/api-mobility.com\/de\/aktuelles\/api-auf-rettmobil-22-in-fulda\/"},"wordCount":235,"publisher":{"@id":"https:\/\/api-mobility.com\/#organization"},"keywords":["API Deutschland","eVito","FlexiRamp","Rettmobil"],"articleSection":["Aktuelles"],"inLanguage":"de"},{"@type":"WebPage","@id":"https:\/\/api-mobility.com\/de\/aktuelles\/api-auf-rettmobil-22-in-fulda\/","url":"https:\/\/api-mobility.com\/de\/aktuelles\/api-auf-rettmobil-22-in-fulda\/","name":"API auf RETTmobil '22 in Fulda |","isPartOf":{"@id":"https:\/\/api-mobility.com\/#website"},"datePublished":"2022-05-08T12:29:31+00:00","dateModified":"2022-05-08T15:18:05+00:00","breadcrumb":{"@id":"https:\/\/api-mobility.com\/de\/aktuelles\/api-auf-rettmobil-22-in-fulda\/#breadcrumb"},"inLanguage":"de","potentialAction":[{"@type":"ReadAction","target":["https:\/\/api-mobility.com\/de\/aktuelles\/api-auf-rettmobil-22-in-fulda\/"]}]},{"@type":"BreadcrumbList","@id":"https:\/\/api-mobility.com\/de\/aktuelles\/api-auf-rettmobil-22-in-fulda\/#breadcrumb","itemListElement":[{"@type":"ListItem","position":1,"name":"Startseite","item":"https:\/\/api-mobility.com\/de\/"},{"@type":"ListItem","position":2,"name":"API auf RETTmobil &#8217;22 in Fulda"}]},{"@type":"WebSite","@id":"https:\/\/api-mobility.com\/#website","url":"https:\/\/api-mobility.com\/","name":"API Mobility","description":"Conversions Without Limits","publisher":{"@id":"https:\/\/api-mobility.com\/#organization"},"alternateName":"API Mobility","potentialAction":[{"@type":"SearchAction","target":{"@type":"EntryPoint","urlTemplate":"https:\/\/api-mobility.com\/?s={search_term_string}"},"query-input":"required name=search_term_string"}],"inLanguage":"de"},{"@type":"Organization","@id":"https:\/\/api-mobility.com\/#organization","name":"API","url":"https:\/\/api-mobility.com\/","logo":{"@type":"ImageObject","inLanguage":"de","@id":"https:\/\/api-mobility.com\/#\/schema\/logo\/image\/","url":"https:\/\/api-mobility.com\/wp-content\/uploads\/2020\/10\/api-logo.png","contentUrl":"https:\/\/api-mobility.com\/wp-content\/uploads\/2020\/10\/api-logo.png","width":418,"height":610,"caption":"API"},"image":{"@id":"https:\/\/api-mobility.com\/#\/schema\/logo\/image\/"}},{"@type":"Person","@id":"https:\/\/api-mobility.com\/#\/schema\/person\/67a34d9b0eda956fd2bbaddd230be584","name":"Kai Dahlke"}]}},"_links":{"self":[{"href":"https:\/\/api-mobility.com\/de\/wp-json\/wp\/v2\/posts\/4749"}],"collection":[{"href":"https:\/\/api-mobility.com\/de\/wp-json\/wp\/v2\/posts"}],"about":[{"href":"https:\/\/api-mobility.com\/de\/wp-json\/wp\/v2\/types\/post"}],"author":[{"embeddable":true,"href":"https:\/\/api-mobility.com\/de\/wp-json\/wp\/v2\/users\/5"}],"replies":[{"embeddable":true,"href":"https:\/\/api-mobility.com\/de\/wp-json\/wp\/v2\/comments?post=4749"}],"version-history":[{"count":4,"href":"https:\/\/api-mobility.com\/de\/wp-json\/wp\/v2\/posts\/4749\/revisions"}],"predecessor-version":[{"id":4789,"href":"https:\/\/api-mobility.com\/de\/wp-json\/wp\/v2\/posts\/4749\/revisions\/4789"}],"wp:featuredmedia":[{"embeddable":true,"href":"https:\/\/api-mobility.com\/de\/wp-json\/wp\/v2\/media\/4783"}],"wp:attachment":[{"href":"https:\/\/api-mobility.com\/de\/wp-json\/wp\/v2\/media?parent=4749"}],"wp:term":[{"taxonomy":"category","embeddable":true,"href":"https:\/\/api-mobility.com\/de\/wp-json\/wp\/v2\/categories?post=4749"},{"taxonomy":"post_tag","embeddable":true,"href":"https:\/\/api-mobility.com\/de\/wp-json\/wp\/v2\/tags?post=4749"}],"curies":[{"name":"wp","href":"https:\/\/api.w.org\/{rel}","templated":true}]}}