{"id":5310,"date":"2022-08-30T13:20:37","date_gmt":"2022-08-30T11:20:37","guid":{"rendered":"https:\/\/api-mobility.com\/uncategorized-cs\/api-vystavuje-na-veletrhu-rehacare-2022\/"},"modified":"2022-08-30T13:20:37","modified_gmt":"2022-08-30T11:20:37","slug":"api-vystavuje-na-veletrhu-rehacare-2022","status":"publish","type":"post","link":"https:\/\/api-mobility.com\/cs\/aktualni\/api-vystavuje-na-veletrhu-rehacare-2022\/","title":{"rendered":"API vystavuje na veletrhu REHACARE 2022"},"content":{"rendered":"\n<p>REHACARE se bude konat v D\u00fcsseldorfu od 14. do 17. z\u00e1\u0159\u00ed 2022. Na nejv\u011bt\u0161\u00edm sv\u011btov\u00e9m veletrhu rehabilitace a p\u00e9\u010de je API N\u011bmecko samoz\u0159ejm\u011b zastoupeno vlastn\u00edm st\u00e1nkem. Z\u00e1jemci z \u0159ad odborn\u00fdch n\u00e1v\u0161t\u011bvn\u00edk\u016f a potenci\u00e1ln\u00edch partner\u016f n\u00e1s najdou v <a href=\"https:\/\/www.rehacare.de\/de\/Interaktiver_Hallenplan?action=showExhibitor&amp;actionItem=2717972&amp;_event=rehacare2022\">hale 6 na st\u00e1nku B64<\/a>.<\/p>\n\n<h3 class=\"wp-block-heading\">Zam\u011b\u0159en\u00ed na e-mobilitu  <\/h3>\n\n<p>Stejn\u011b jako na veletrhu <a href=\"https:\/\/api-mobility.com\/de\/aktuelles\/rettmobil-war-voller-erfolg\/\" target=\"_blank\" rel=\"noreferrer noopener\">RETTmobil<\/a> v kv\u011btnu leto\u0161n\u00edho roku se i na veletrhu REHACARE zam\u011b\u0159\u00edme na nab\u00eddky t\u00fdkaj\u00edc\u00ed se t\u00e9matu e-mobility. V souladu s t\u00edm budou na st\u00e1nku API p\u0159edstavena dv\u011b zaj\u00edmav\u00e1 vozidla a odpov\u00eddaj\u00edc\u00ed p\u0159estavby pro handicapovan\u00e9 osoby.<\/p>\n\n<p>Na jedn\u00e9 stran\u011b se n\u00e1v\u0161t\u011bvn\u00edci mohou t\u011b\u0161it na e-Rifter, elektrickou dod\u00e1vku zna\u010dky Peugeot. Spole\u010dnost API vyvinula pro tento typ vozidla dodate\u010dnou sadu <a href=\"https:\/\/www.flexiramp.com\/citroen-berlingo-peugeot-rifter-opel-combo-2\" target=\"_blank\" rel=\"noreferrer noopener\">FlexiRamp<\/a>. Hlavn\u00ed v\u00fdhodou t\u00e9to zcela nov\u00e9 nab\u00eddky je, \u017ee p\u0159i p\u0159estavb\u011b nedoch\u00e1z\u00ed k \u017e\u00e1dn\u00fdm zm\u011bn\u00e1m na akumul\u00e1toru.  <\/p>\n\n<h3 class=\"wp-block-heading\">FlexiRamp pro e-Rifter a Caddy 5<\/h3>\n\n<p>P\u0159edstavujeme tak\u00e9 syst\u00e9m Active FlexiRamp, kter\u00fd jsme vyvinuli spole\u010dn\u011b s na\u0161\u00edm \u0161v\u00e9dsk\u00fdm partnerem <a href=\"https:\/\/bilanpassning.com\/\" target=\"_blank\" rel=\"noreferrer noopener\">Bilanpassning <\/a>pro kr\u00e1tkou verzi vozu Volkswagen Caddy 5. Kdo se chce dozv\u011bd\u011bt, jak\u00e9 v\u00fdzvy bylo t\u0159eba p\u0159ekonat ve f\u00e1zi v\u00fdvoje, m\u016f\u017ee se to dozv\u011bd\u011bt z prvn\u00ed ruky na st\u00e1nku API od jednatele spole\u010dnosti Bilanpassning Bj\u00f6rna Kaysera a gener\u00e1ln\u00edho \u0159editele API Stephana Schwartze.  <\/p>\n\n<p>U t\u00e9to rampy FlexiRamp je v\u00fd\u0159ez v podlaze vozidla prodlou\u017een a\u017e dop\u0159edu za volant. V kombinaci s elektrick\u00fdm v\u00ed\u010dkem zavazadlov\u00e9ho prostoru je tato p\u0159estavba ide\u00e1ln\u00ed pro aktivn\u00ed \u0159idi\u010de, tj. voz\u00ed\u010dk\u00e1\u0159e, kte\u0159\u00ed cht\u011bj\u00ed sami \u0159\u00eddit sv\u00e9 vozidlo. Vysoce ofici\u00e1ln\u011b testovan\u00e9 kotevn\u00ed syst\u00e9my zaji\u0161\u0165uj\u00ed pot\u0159ebnou bezpe\u010dnost \u0159idi\u010de.<\/p>\n\n<p>Tato konstrukce FlexiRamp je tak flexibiln\u00ed, \u017ee se do n\u00ed vejde i dal\u0161\u00ed voz\u00ed\u010dk\u00e1\u0159 s voz\u00edkem na sedadle spolujezdce. P\u0159estavba ze standardn\u00edch sedadel na invalidn\u00ed voz\u00edk a zp\u011bt je jednoduch\u00e1 a trv\u00e1 kr\u00e1tkou dobu.<\/p>\n\n<h3 class=\"wp-block-heading\">REHARCARE poprv\u00e9 po t\u0159ech letech<\/h3>\n\n<p>Z d\u016fvodu nucen\u00e9 p\u0159est\u00e1vky spole\u010dnosti Corona se veletrh REHACARE bude poprv\u00e9 od roku 2019 konat na\u017eivo na v\u00fdstavi\u0161ti v D\u00fcsseldorfu. V hlavn\u00edm m\u011bst\u011b Severn\u00edho Por\u00fdn\u00ed-Vestf\u00e1lska se dozv\u00edte v\u0161e o pom\u016fck\u00e1ch pro osoby se zdravotn\u00edm posti\u017een\u00edm.<\/p>\n\n<p>Odborn\u00edci se t\u011b\u0161\u00ed na v\u00fdm\u011bnu n\u00e1zor\u016f s kolegy a n\u00e1v\u0161t\u011bvn\u00edky, na nov\u00e9 kontakty a skv\u011bl\u00e9 inovace vystavovatel\u016f z cel\u00e9ho sv\u011bta. Vstupenky jsou k dispozici na webov\u00fdch str\u00e1nk\u00e1ch <a href=\"http:\/\/www.rehacare.de\/\" target=\"_blank\" rel=\"noreferrer noopener\">www.rehacare.de<\/a>.  <\/p>\n\n<p>Jste zv\u011bdav\u00ed? Pak si hned po\u0159i\u010fte vstupenku. T\u011b\u0161\u00edme se na v\u00e1s na st\u00e1nku API B64 v hale 6 na veletrhu REHACARE 2022 v D\u00fcsseldorfu.<\/p>\n","protected":false},"excerpt":{"rendered":"<p>REHACARE se bude konat v D\u00fcsseldorfu od 14. do 17. z\u00e1\u0159\u00ed 2022. Na nejv\u011bt\u0161\u00edm sv\u011btov\u00e9m veletrhu rehabilitace a p\u00e9\u010de je API zastoupena vlastn\u00edm st\u00e1nkem. St\u00e1nek API najdete v hale 6 na st\u00e1nku B64.<\/p>\n","protected":false},"author":5,"featured_media":4825,"comment_status":"closed","ping_status":"closed","sticky":false,"template":"","format":"standard","meta":{"inline_featured_image":false,"site-sidebar-layout":"default","site-content-layout":"","ast-site-content-layout":"","site-content-style":"default","site-sidebar-style":"default","ast-global-header-display":"","ast-banner-title-visibility":"","ast-main-header-display":"","ast-hfb-above-header-display":"","ast-hfb-below-header-display":"","ast-hfb-mobile-header-display":"","site-post-title":"","ast-breadcrumbs-content":"","ast-featured-img":"","footer-sml-layout":"","theme-transparent-header-meta":"","adv-header-id-meta":"","stick-header-meta":"","header-above-stick-meta":"","header-main-stick-meta":"","header-below-stick-meta":"","astra-migrate-meta-layouts":"default","ast-page-background-enabled":"default","ast-page-background-meta":{"desktop":{"background-color":"var(--ast-global-color-4)","background-image":"","background-repeat":"repeat","background-position":"center center","background-size":"auto","background-attachment":"scroll","background-type":"","background-media":"","overlay-type":"","overlay-color":"","overlay-gradient":""},"tablet":{"background-color":"","background-image":"","background-repeat":"repeat","background-position":"center center","background-size":"auto","background-attachment":"scroll","background-type":"","background-media":"","overlay-type":"","overlay-color":"","overlay-gradient":""},"mobile":{"background-color":"","background-image":"","background-repeat":"repeat","background-position":"center center","background-size":"auto","background-attachment":"scroll","background-type":"","background-media":"","overlay-type":"","overlay-color":"","overlay-gradient":""}},"ast-content-background-meta":{"desktop":{"background-color":"var(--ast-global-color-5)","background-image":"","background-repeat":"repeat","background-position":"center center","background-size":"auto","background-attachment":"scroll","background-type":"","background-media":"","overlay-type":"","overlay-color":"","overlay-gradient":""},"tablet":{"background-color":"var(--ast-global-color-5)","background-image":"","background-repeat":"repeat","background-position":"center center","background-size":"auto","background-attachment":"scroll","background-type":"","background-media":"","overlay-type":"","overlay-color":"","overlay-gradient":""},"mobile":{"background-color":"var(--ast-global-color-5)","background-image":"","background-repeat":"repeat","background-position":"center center","background-size":"auto","background-attachment":"scroll","background-type":"","background-media":"","overlay-type":"","overlay-color":"","overlay-gradient":""}},"footnotes":""},"categories":[6],"tags":[78,79,80],"yoast_head":"<!-- This site is optimized with the Yoast SEO plugin v21.7 - https:\/\/yoast.com\/wordpress\/plugins\/seo\/ -->\n<title>API vystavuje na veletrhu REHACARE 2022 |<\/title>\n<meta name=\"robots\" content=\"index, follow, max-snippet:-1, max-image-preview:large, max-video-preview:-1\" \/>\n<link rel=\"canonical\" href=\"https:\/\/api-mobility.com\/news\/api-exhibits-at-rehacare-2022\/\" \/>\n<meta property=\"og:locale\" content=\"cs_CZ\" \/>\n<meta property=\"og:type\" content=\"article\" \/>\n<meta property=\"og:title\" content=\"API vystavuje na veletrhu REHACARE 2022 |\" \/>\n<meta property=\"og:description\" content=\"REHACARE se bude konat v D\u00fcsseldorfu od 14. do 17. z\u00e1\u0159\u00ed 2022. Na nejv\u011bt\u0161\u00edm sv\u011btov\u00e9m veletrhu rehabilitace a p\u00e9\u010de je API zastoupena vlastn\u00edm st\u00e1nkem. St\u00e1nek API najdete v hale 6 na st\u00e1nku B64.\" \/>\n<meta property=\"og:url\" content=\"https:\/\/api-mobility.com\/news\/api-exhibits-at-rehacare-2022\/\" \/>\n<meta property=\"article:published_time\" content=\"2022-08-30T11:20:37+00:00\" \/>\n<meta property=\"og:image\" content=\"https:\/\/api-mobility.com\/wp-content\/uploads\/Rehacare_AUFMACHER-Kopie.jpg\" \/>\n\t<meta property=\"og:image:width\" content=\"960\" \/>\n\t<meta property=\"og:image:height\" content=\"664\" \/>\n\t<meta property=\"og:image:type\" content=\"image\/jpeg\" \/>\n<meta name=\"author\" content=\"Kai Dahlke\" \/>\n<meta name=\"twitter:card\" content=\"summary_large_image\" \/>\n<meta name=\"twitter:label1\" content=\"Napsal(a)\" \/>\n\t<meta name=\"twitter:data1\" content=\"Kai Dahlke\" \/>\n\t<meta name=\"twitter:label2\" content=\"Odhadovan\u00e1 doba \u010dten\u00ed\" \/>\n\t<meta name=\"twitter:data2\" content=\"2 minuty\" \/>\n<script type=\"application\/ld+json\" class=\"yoast-schema-graph\">{\"@context\":\"https:\/\/schema.org\",\"@graph\":[{\"@type\":\"Article\",\"@id\":\"https:\/\/api-mobility.com\/news\/api-exhibits-at-rehacare-2022\/#article\",\"isPartOf\":{\"@id\":\"https:\/\/api-mobility.com\/news\/api-exhibits-at-rehacare-2022\/\"},\"author\":{\"name\":\"Kai Dahlke\",\"@id\":\"https:\/\/api-mobility.com\/#\/schema\/person\/67a34d9b0eda956fd2bbaddd230be584\"},\"headline\":\"API vystavuje na veletrhu REHACARE 2022\",\"datePublished\":\"2022-08-30T11:20:37+00:00\",\"dateModified\":\"2022-08-30T11:20:37+00:00\",\"mainEntityOfPage\":{\"@id\":\"https:\/\/api-mobility.com\/news\/api-exhibits-at-rehacare-2022\/\"},\"wordCount\":499,\"publisher\":{\"@id\":\"https:\/\/api-mobility.com\/#organization\"},\"keywords\":[\"API N\u011bmecko\",\"REHACARE\",\"Spravedliv\u00e9\"],\"articleSection\":[\"aktu\u00e1ln\u00ed\"],\"inLanguage\":\"cs\"},{\"@type\":\"WebPage\",\"@id\":\"https:\/\/api-mobility.com\/news\/api-exhibits-at-rehacare-2022\/\",\"url\":\"https:\/\/api-mobility.com\/news\/api-exhibits-at-rehacare-2022\/\",\"name\":\"API vystavuje na veletrhu REHACARE 2022 |\",\"isPartOf\":{\"@id\":\"https:\/\/api-mobility.com\/#website\"},\"datePublished\":\"2022-08-30T11:20:37+00:00\",\"dateModified\":\"2022-08-30T11:20:37+00:00\",\"breadcrumb\":{\"@id\":\"https:\/\/api-mobility.com\/news\/api-exhibits-at-rehacare-2022\/#breadcrumb\"},\"inLanguage\":\"cs\",\"potentialAction\":[{\"@type\":\"ReadAction\",\"target\":[\"https:\/\/api-mobility.com\/news\/api-exhibits-at-rehacare-2022\/\"]}]},{\"@type\":\"BreadcrumbList\",\"@id\":\"https:\/\/api-mobility.com\/news\/api-exhibits-at-rehacare-2022\/#breadcrumb\",\"itemListElement\":[{\"@type\":\"ListItem\",\"position\":1,\"name\":\"Startseite\",\"item\":\"https:\/\/api-mobility.com\/\"},{\"@type\":\"ListItem\",\"position\":2,\"name\":\"API vystavuje na veletrhu REHACARE 2022\"}]},{\"@type\":\"WebSite\",\"@id\":\"https:\/\/api-mobility.com\/#website\",\"url\":\"https:\/\/api-mobility.com\/\",\"name\":\"API Mobility\",\"description\":\"Conversions Without Limits\",\"publisher\":{\"@id\":\"https:\/\/api-mobility.com\/#organization\"},\"alternateName\":\"API Mobility\",\"potentialAction\":[{\"@type\":\"SearchAction\",\"target\":{\"@type\":\"EntryPoint\",\"urlTemplate\":\"https:\/\/api-mobility.com\/?s={search_term_string}\"},\"query-input\":\"required name=search_term_string\"}],\"inLanguage\":\"cs\"},{\"@type\":\"Organization\",\"@id\":\"https:\/\/api-mobility.com\/#organization\",\"name\":\"API\",\"url\":\"https:\/\/api-mobility.com\/\",\"logo\":{\"@type\":\"ImageObject\",\"inLanguage\":\"cs\",\"@id\":\"https:\/\/api-mobility.com\/#\/schema\/logo\/image\/\",\"url\":\"https:\/\/api-mobility.com\/wp-content\/uploads\/2020\/10\/api-logo.png\",\"contentUrl\":\"https:\/\/api-mobility.com\/wp-content\/uploads\/2020\/10\/api-logo.png\",\"width\":418,\"height\":610,\"caption\":\"API\"},\"image\":{\"@id\":\"https:\/\/api-mobility.com\/#\/schema\/logo\/image\/\"}},{\"@type\":\"Person\",\"@id\":\"https:\/\/api-mobility.com\/#\/schema\/person\/67a34d9b0eda956fd2bbaddd230be584\",\"name\":\"Kai Dahlke\"}]}<\/script>\n<!-- \/ Yoast SEO plugin. -->","yoast_head_json":{"title":"API vystavuje na veletrhu REHACARE 2022 |","robots":{"index":"index","follow":"follow","max-snippet":"max-snippet:-1","max-image-preview":"max-image-preview:large","max-video-preview":"max-video-preview:-1"},"canonical":"https:\/\/api-mobility.com\/news\/api-exhibits-at-rehacare-2022\/","og_locale":"cs_CZ","og_type":"article","og_title":"API vystavuje na veletrhu REHACARE 2022 |","og_description":"REHACARE se bude konat v D\u00fcsseldorfu od 14. do 17. z\u00e1\u0159\u00ed 2022. Na nejv\u011bt\u0161\u00edm sv\u011btov\u00e9m veletrhu rehabilitace a p\u00e9\u010de je API zastoupena vlastn\u00edm st\u00e1nkem. St\u00e1nek API najdete v hale 6 na st\u00e1nku B64.","og_url":"https:\/\/api-mobility.com\/news\/api-exhibits-at-rehacare-2022\/","article_published_time":"2022-08-30T11:20:37+00:00","og_image":[{"width":960,"height":664,"url":"https:\/\/api-mobility.com\/wp-content\/uploads\/Rehacare_AUFMACHER-Kopie.jpg","type":"image\/jpeg"}],"author":"Kai Dahlke","twitter_card":"summary_large_image","twitter_misc":{"Napsal(a)":"Kai Dahlke","Odhadovan\u00e1 doba \u010dten\u00ed":"2 minuty"},"schema":{"@context":"https:\/\/schema.org","@graph":[{"@type":"Article","@id":"https:\/\/api-mobility.com\/news\/api-exhibits-at-rehacare-2022\/#article","isPartOf":{"@id":"https:\/\/api-mobility.com\/news\/api-exhibits-at-rehacare-2022\/"},"author":{"name":"Kai Dahlke","@id":"https:\/\/api-mobility.com\/#\/schema\/person\/67a34d9b0eda956fd2bbaddd230be584"},"headline":"API vystavuje na veletrhu REHACARE 2022","datePublished":"2022-08-30T11:20:37+00:00","dateModified":"2022-08-30T11:20:37+00:00","mainEntityOfPage":{"@id":"https:\/\/api-mobility.com\/news\/api-exhibits-at-rehacare-2022\/"},"wordCount":499,"publisher":{"@id":"https:\/\/api-mobility.com\/#organization"},"keywords":["API N\u011bmecko","REHACARE","Spravedliv\u00e9"],"articleSection":["aktu\u00e1ln\u00ed"],"inLanguage":"cs"},{"@type":"WebPage","@id":"https:\/\/api-mobility.com\/news\/api-exhibits-at-rehacare-2022\/","url":"https:\/\/api-mobility.com\/news\/api-exhibits-at-rehacare-2022\/","name":"API vystavuje na veletrhu REHACARE 2022 |","isPartOf":{"@id":"https:\/\/api-mobility.com\/#website"},"datePublished":"2022-08-30T11:20:37+00:00","dateModified":"2022-08-30T11:20:37+00:00","breadcrumb":{"@id":"https:\/\/api-mobility.com\/news\/api-exhibits-at-rehacare-2022\/#breadcrumb"},"inLanguage":"cs","potentialAction":[{"@type":"ReadAction","target":["https:\/\/api-mobility.com\/news\/api-exhibits-at-rehacare-2022\/"]}]},{"@type":"BreadcrumbList","@id":"https:\/\/api-mobility.com\/news\/api-exhibits-at-rehacare-2022\/#breadcrumb","itemListElement":[{"@type":"ListItem","position":1,"name":"Startseite","item":"https:\/\/api-mobility.com\/"},{"@type":"ListItem","position":2,"name":"API vystavuje na veletrhu REHACARE 2022"}]},{"@type":"WebSite","@id":"https:\/\/api-mobility.com\/#website","url":"https:\/\/api-mobility.com\/","name":"API Mobility","description":"Conversions Without Limits","publisher":{"@id":"https:\/\/api-mobility.com\/#organization"},"alternateName":"API Mobility","potentialAction":[{"@type":"SearchAction","target":{"@type":"EntryPoint","urlTemplate":"https:\/\/api-mobility.com\/?s={search_term_string}"},"query-input":"required name=search_term_string"}],"inLanguage":"cs"},{"@type":"Organization","@id":"https:\/\/api-mobility.com\/#organization","name":"API","url":"https:\/\/api-mobility.com\/","logo":{"@type":"ImageObject","inLanguage":"cs","@id":"https:\/\/api-mobility.com\/#\/schema\/logo\/image\/","url":"https:\/\/api-mobility.com\/wp-content\/uploads\/2020\/10\/api-logo.png","contentUrl":"https:\/\/api-mobility.com\/wp-content\/uploads\/2020\/10\/api-logo.png","width":418,"height":610,"caption":"API"},"image":{"@id":"https:\/\/api-mobility.com\/#\/schema\/logo\/image\/"}},{"@type":"Person","@id":"https:\/\/api-mobility.com\/#\/schema\/person\/67a34d9b0eda956fd2bbaddd230be584","name":"Kai Dahlke"}]}},"_links":{"self":[{"href":"https:\/\/api-mobility.com\/cs\/wp-json\/wp\/v2\/posts\/5310"}],"collection":[{"href":"https:\/\/api-mobility.com\/cs\/wp-json\/wp\/v2\/posts"}],"about":[{"href":"https:\/\/api-mobility.com\/cs\/wp-json\/wp\/v2\/types\/post"}],"author":[{"embeddable":true,"href":"https:\/\/api-mobility.com\/cs\/wp-json\/wp\/v2\/users\/5"}],"replies":[{"embeddable":true,"href":"https:\/\/api-mobility.com\/cs\/wp-json\/wp\/v2\/comments?post=5310"}],"version-history":[{"count":1,"href":"https:\/\/api-mobility.com\/cs\/wp-json\/wp\/v2\/posts\/5310\/revisions"}],"predecessor-version":[{"id":5311,"href":"https:\/\/api-mobility.com\/cs\/wp-json\/wp\/v2\/posts\/5310\/revisions\/5311"}],"wp:featuredmedia":[{"embeddable":true,"href":"https:\/\/api-mobility.com\/cs\/wp-json\/wp\/v2\/media\/4825"}],"wp:attachment":[{"href":"https:\/\/api-mobility.com\/cs\/wp-json\/wp\/v2\/media?parent=5310"}],"wp:term":[{"taxonomy":"category","embeddable":true,"href":"https:\/\/api-mobility.com\/cs\/wp-json\/wp\/v2\/categories?post=5310"},{"taxonomy":"post_tag","embeddable":true,"href":"https:\/\/api-mobility.com\/cs\/wp-json\/wp\/v2\/tags?post=5310"}],"curies":[{"name":"wp","href":"https:\/\/api.w.org\/{rel}","templated":true}]}}